{"id":2340,"date":"2023-12-10T21:30:11","date_gmt":"2023-12-10T20:30:11","guid":{"rendered":"https:\/\/acontrevents63.fr\/?p=2340"},"modified":"2023-12-27T12:44:42","modified_gmt":"2023-12-27T11:44:42","slug":"2340","status":"publish","type":"post","link":"https:\/\/acontrevents63.fr\/?p=2340","title":{"rendered":"Cartes du potentiel \u00e9olien Comcom Combrailles, Sioule et Morge"},"content":{"rendered":"\n<p>Suit \u00e0 des ateliers organis\u00e9s par la Communaut\u00e9 de commune Combrailles ,Sioule et Morge dans le cadre de l\u2019acc\u00e9l\u00e9ration du d\u00e9veloppement des \u00c9nergies Renouvelables, des membres de notre association ont suivi ces ateliers et nous pouvons vous partager ce qu&#8217;il se pr\u00e9pare dans les communes environnantes.<\/p>\n\n\n\n<p>Ce que nous annoncions depuis le d\u00e9but, \u00e0 savoir que suite \u00e0 l&#8217;\u00e9tude du projet de Montcel Durable ( Qui ne s\u2019av\u00e8re plus \u00eatre qu&#8217;\u00e0 Saint Hilaire la croix), les projets vont se multiplier dans les communes voisines, et, si nous n&#8217;agissons pas maintenant, nous allons vivre demain au milieu de champs d&#8217;\u00e9oliennes plus grandes et plus destructrices les unes que les autres.<\/p>\n\n\n\n<p>Ci dessous les cartes pr\u00e9sent\u00e9es ainsi que le nombre d\u2019\u00e9oliennes potentiel.<\/p>\n\n\n\n<h2 class=\"wp-block-heading\">Champs<\/h2>\n\n\n\n<figure class=\"wp-block-image size-full\"><img fetchpriority=\"high\" decoding=\"async\" width=\"872\" height=\"860\" src=\"https:\/\/acontrevents63.fr\/wp-content\/uploads\/2023\/12\/CHAMPS-POTENTIEL.png\" alt=\"\" class=\"wp-image-2341\" srcset=\"https:\/\/acontrevents63.fr\/wp-content\/uploads\/2023\/12\/CHAMPS-POTENTIEL.png 872w, https:\/\/acontrevents63.fr\/wp-content\/uploads\/2023\/12\/CHAMPS-POTENTIEL-300x296.png 300w, https:\/\/acontrevents63.fr\/wp-content\/uploads\/2023\/12\/CHAMPS-POTENTIEL-768x757.png 768w\" sizes=\"(max-width: 872px) 100vw, 872px\" \/><\/figure>\n\n\n\n<p><\/p>\n\n\n\n<h2 class=\"wp-block-heading\">Jozerand<\/h2>\n\n\n\n<figure class=\"wp-block-image size-full\"><img decoding=\"async\" width=\"903\" height=\"806\" src=\"https:\/\/acontrevents63.fr\/wp-content\/uploads\/2023\/12\/JOZERAND-POTENTIEL-EOLIEN.png\" alt=\"\" class=\"wp-image-2342\" srcset=\"https:\/\/acontrevents63.fr\/wp-content\/uploads\/2023\/12\/JOZERAND-POTENTIEL-EOLIEN.png 903w, https:\/\/acontrevents63.fr\/wp-content\/uploads\/2023\/12\/JOZERAND-POTENTIEL-EOLIEN-300x268.png 300w, https:\/\/acontrevents63.fr\/wp-content\/uploads\/2023\/12\/JOZERAND-POTENTIEL-EOLIEN-768x686.png 768w\" sizes=\"(max-width: 903px) 100vw, 903px\" \/><\/figure>\n\n\n\n<p><\/p>\n\n\n\n<h2 class=\"wp-block-heading\">Marcillat<\/h2>\n\n\n\n<figure class=\"wp-block-image size-large\"><img decoding=\"async\" width=\"1024\" height=\"830\" src=\"https:\/\/acontrevents63.fr\/wp-content\/uploads\/2023\/12\/MARCILLAT--1024x830.png\" alt=\"\" class=\"wp-image-2343\" srcset=\"https:\/\/acontrevents63.fr\/wp-content\/uploads\/2023\/12\/MARCILLAT--1024x830.png 1024w, https:\/\/acontrevents63.fr\/wp-content\/uploads\/2023\/12\/MARCILLAT--300x243.png 300w, https:\/\/acontrevents63.fr\/wp-content\/uploads\/2023\/12\/MARCILLAT--768x623.png 768w, https:\/\/acontrevents63.fr\/wp-content\/uploads\/2023\/12\/MARCILLAT-.png 1042w\" sizes=\"(max-width: 1024px) 100vw, 1024px\" \/><\/figure>\n\n\n\n<p><\/p>\n\n\n\n<h2 class=\"wp-block-heading\">Montcel<\/h2>\n\n\n\n<figure class=\"wp-block-image size-large\"><img loading=\"lazy\" decoding=\"async\" width=\"1024\" height=\"606\" src=\"https:\/\/acontrevents63.fr\/wp-content\/uploads\/2023\/12\/MONTCEL-10-EOL-1024x606.png\" alt=\"\" class=\"wp-image-2344\" srcset=\"https:\/\/acontrevents63.fr\/wp-content\/uploads\/2023\/12\/MONTCEL-10-EOL-1024x606.png 1024w, https:\/\/acontrevents63.fr\/wp-content\/uploads\/2023\/12\/MONTCEL-10-EOL-300x178.png 300w, https:\/\/acontrevents63.fr\/wp-content\/uploads\/2023\/12\/MONTCEL-10-EOL-768x455.png 768w, https:\/\/acontrevents63.fr\/wp-content\/uploads\/2023\/12\/MONTCEL-10-EOL.png 1382w\" sizes=\"(max-width: 1024px) 100vw, 1024px\" \/><\/figure>\n\n\n\n<p>Il est \u00e0 noter pour Montcel qu&#8217;il y a un potentiel Eolien de 10 machines, mais aucune d\u00e9sormais dans le projet de Montcel Durable&#8230; Il faudrait donc renommer le projet dans un premier temps. Le pr\u00e9sident de Montcel Durable qui pr\u00e9tendra certainement des raisons techniques a bien pouss\u00e9 le projet chez son voisin quoi qu&#8217;il soit. M\u00eame pour lui l&#8217;\u00e9olien chez tr\u00e8s bien chez les autres !<\/p>\n\n\n\n<h2 class=\"wp-block-heading\">Saint Quintin<\/h2>\n\n\n\n<figure class=\"wp-block-image size-full\"><img loading=\"lazy\" decoding=\"async\" width=\"908\" height=\"781\" src=\"https:\/\/acontrevents63.fr\/wp-content\/uploads\/2023\/12\/SAINT-QUINTIN-7.png\" alt=\"\" class=\"wp-image-2345\" srcset=\"https:\/\/acontrevents63.fr\/wp-content\/uploads\/2023\/12\/SAINT-QUINTIN-7.png 908w, https:\/\/acontrevents63.fr\/wp-content\/uploads\/2023\/12\/SAINT-QUINTIN-7-300x258.png 300w, https:\/\/acontrevents63.fr\/wp-content\/uploads\/2023\/12\/SAINT-QUINTIN-7-768x661.png 768w\" sizes=\"(max-width: 908px) 100vw, 908px\" \/><\/figure>\n\n\n\n<p>Si vous ne vous reconnaissez pas dans ces projets, si vous souhaitez que notre territoire et votre qualit\u00e9 de vie reste inchang\u00e9s. Si vous \u00eates soucieux des enjeux environnementaux, de la pr\u00e9servation des espaces naturels et de la biodiversit\u00e9, contactez nous et venez nous rejoindre.<\/p>\n","protected":false},"excerpt":{"rendered":"<p>Suit \u00e0 des ateliers organis\u00e9s par la Communaut\u00e9 de commune Combrailles ,Sioule et Morge dans le cadre de l\u2019acc\u00e9l\u00e9ration du d\u00e9veloppement des \u00c9nergies Renouvelables, des membres de notre association ont suivi ces ateliers et nous pouvons vous partager ce qu&#8217;il se pr\u00e9pare dans les communes environnantes. Ce que nous annoncions depuis le d\u00e9but, \u00e0 savoir&#8230;<\/p>\n","protected":false},"author":1,"featured_media":0,"comment_status":"closed","ping_status":"closed","sticky":false,"template":"","format":"standard","meta":{"om_disable_all_campaigns":false,"_monsterinsights_skip_tracking":false,"_monsterinsights_sitenote_active":false,"_monsterinsights_sitenote_note":"","_monsterinsights_sitenote_category":0,"ngg_post_thumbnail":0,"_kad_post_transparent":"","_kad_post_title":"","_kad_post_layout":"","_kad_post_sidebar_id":"","_kad_post_content_style":"","_kad_post_vertical_padding":"","_kad_post_feature":"","_kad_post_feature_position":"","_kad_post_header":false,"_kad_post_footer":false,"footnotes":""},"categories":[20,9,14],"tags":[],"class_list":["post-2340","post","type-post","status-publish","format-standard","hentry","category-comcom","category-infos","category-publications"],"aioseo_notices":[],"_links":{"self":[{"href":"https:\/\/acontrevents63.fr\/index.php?rest_route=\/wp\/v2\/posts\/2340","targetHints":{"allow":["GET"]}}],"collection":[{"href":"https:\/\/acontrevents63.fr\/index.php?rest_route=\/wp\/v2\/posts"}],"about":[{"href":"https:\/\/acontrevents63.fr\/index.php?rest_route=\/wp\/v2\/types\/post"}],"author":[{"embeddable":true,"href":"https:\/\/acontrevents63.fr\/index.php?rest_route=\/wp\/v2\/users\/1"}],"replies":[{"embeddable":true,"href":"https:\/\/acontrevents63.fr\/index.php?rest_route=%2Fwp%2Fv2%2Fcomments&post=2340"}],"version-history":[{"count":5,"href":"https:\/\/acontrevents63.fr\/index.php?rest_route=\/wp\/v2\/posts\/2340\/revisions"}],"predecessor-version":[{"id":2359,"href":"https:\/\/acontrevents63.fr\/index.php?rest_route=\/wp\/v2\/posts\/2340\/revisions\/2359"}],"wp:attachment":[{"href":"https:\/\/acontrevents63.fr\/index.php?rest_route=%2Fwp%2Fv2%2Fmedia&parent=2340"}],"wp:term":[{"taxonomy":"category","embeddable":true,"href":"https:\/\/acontrevents63.fr\/index.php?rest_route=%2Fwp%2Fv2%2Fcategories&post=2340"},{"taxonomy":"post_tag","embeddable":true,"href":"https:\/\/acontrevents63.fr\/index.php?rest_route=%2Fwp%2Fv2%2Ftags&post=2340"}],"curies":[{"name":"wp","href":"https:\/\/api.w.org\/{rel}","templated":true}]}}