{"id":2099,"date":"2023-01-17T19:48:46","date_gmt":"2023-01-17T18:48:46","guid":{"rendered":"https:\/\/acontrevents63.fr\/?p=2099"},"modified":"2023-05-19T17:47:11","modified_gmt":"2023-05-19T15:47:11","slug":"2099","status":"publish","type":"post","link":"https:\/\/acontrevents63.fr\/?p=2099","title":{"rendered":"R\u00e9union Publique le Samedi 21 Janvier 2023"},"content":{"rendered":"\n<div class=\"wp-block-columns is-layout-flex wp-container-core-columns-is-layout-9d6595d7 wp-block-columns-is-layout-flex\">\n<div class=\"wp-block-column is-layout-flow wp-block-column-is-layout-flow\">\n<figure class=\"wp-block-image size-large\"><img fetchpriority=\"high\" decoding=\"async\" width=\"724\" height=\"1024\" src=\"https:\/\/acontrevents63.fr\/wp-content\/uploads\/2023\/01\/IMG-20230111-WA0000-724x1024.jpg\" alt=\"\" class=\"wp-image-2111\" srcset=\"https:\/\/acontrevents63.fr\/wp-content\/uploads\/2023\/01\/IMG-20230111-WA0000-724x1024.jpg 724w, https:\/\/acontrevents63.fr\/wp-content\/uploads\/2023\/01\/IMG-20230111-WA0000-212x300.jpg 212w, https:\/\/acontrevents63.fr\/wp-content\/uploads\/2023\/01\/IMG-20230111-WA0000-768x1086.jpg 768w, https:\/\/acontrevents63.fr\/wp-content\/uploads\/2023\/01\/IMG-20230111-WA0000-1086x1536.jpg 1086w, https:\/\/acontrevents63.fr\/wp-content\/uploads\/2023\/01\/IMG-20230111-WA0000.jpg 1131w\" sizes=\"(max-width: 724px) 100vw, 724px\" \/><\/figure>\n\n\n\n<figure class=\"wp-block-image size-large\"><img decoding=\"async\" width=\"724\" height=\"1024\" src=\"https:\/\/acontrevents63.fr\/wp-content\/uploads\/2023\/01\/IMG-20230111-WA0001-724x1024.jpg\" alt=\"\" class=\"wp-image-2112\" srcset=\"https:\/\/acontrevents63.fr\/wp-content\/uploads\/2023\/01\/IMG-20230111-WA0001-724x1024.jpg 724w, https:\/\/acontrevents63.fr\/wp-content\/uploads\/2023\/01\/IMG-20230111-WA0001-212x300.jpg 212w, https:\/\/acontrevents63.fr\/wp-content\/uploads\/2023\/01\/IMG-20230111-WA0001-768x1086.jpg 768w, https:\/\/acontrevents63.fr\/wp-content\/uploads\/2023\/01\/IMG-20230111-WA0001-1086x1536.jpg 1086w, https:\/\/acontrevents63.fr\/wp-content\/uploads\/2023\/01\/IMG-20230111-WA0001.jpg 1131w\" sizes=\"(max-width: 724px) 100vw, 724px\" \/><\/figure>\n<\/div>\n<\/div>\n\n\n\n<p><\/p>\n\n\n\n<p>Les derni\u00e8res communications du promoteur annoncent un d\u00e9p\u00f4t de l\u2019\u00e9tude d&#8217;impact en pr\u00e9fecture prochainement pour un d\u00e9marrage de l\u2019enqu\u00eate publique cette ann\u00e9e. C&#8217;est le moment de faire le point et de raviver le d\u00e9bat.<\/p>\n\n\n\n<p> Cette deuxi\u00e8me r\u00e9union publique aura un format diff\u00e9rent: Nos intervenants, d&#8217;horizons divers, \u00e9changeront ensemble sur des sujets tels que la sant\u00e9 humaine, l&#8217;\u00e9conomie, ainsi que les impacts sur la biodiversit\u00e9, le tourisme, la vie locale&#8230;<\/p>\n\n\n\n<p>Nous aurons \u00e9galement la chance d&#8217;accueillir Sioux Berger pour une conf\u00e9rence sur la sant\u00e9 animale et une s\u00e9ance de d\u00e9dicace.<\/p>\n\n\n\n<p>Le lendemain matin , une randonn\u00e9e est organis\u00e9e pour parcourir notre campagne et se rendre compte pourquoi nous luttons contre ce projet et les autres \u00e0 venir. <\/p>\n\n\n\n<p> Pour les personnes ne souhaitant pas effectuer la randonn\u00e9e une permanence vous accueillera \u00e0 la salle des f\u00eates de Champs Dimanche matin si vous voulez plus d&#8217;informations.<\/p>\n\n\n\n<p>Venez nombreux !<\/p>\n\n\n\n<h2 class=\"wp-block-heading\"><\/h2>\n","protected":false},"excerpt":{"rendered":"<p>Les derni\u00e8res communications du promoteur annoncent un d\u00e9p\u00f4t de l\u2019\u00e9tude d&#8217;impact en pr\u00e9fecture prochainement pour un d\u00e9marrage de l\u2019enqu\u00eate publique cette ann\u00e9e. C&#8217;est le moment de faire le point et de raviver le d\u00e9bat. Cette deuxi\u00e8me r\u00e9union publique aura un format diff\u00e9rent: Nos intervenants, d&#8217;horizons divers, \u00e9changeront ensemble sur des sujets tels que la sant\u00e9&#8230;<\/p>\n","protected":false},"author":1,"featured_media":0,"comment_status":"closed","ping_status":"closed","sticky":false,"template":"","format":"standard","meta":{"om_disable_all_campaigns":false,"_monsterinsights_skip_tracking":false,"_monsterinsights_sitenote_active":false,"_monsterinsights_sitenote_note":"","_monsterinsights_sitenote_category":0,"ngg_post_thumbnail":0,"_kad_post_transparent":"","_kad_post_title":"","_kad_post_layout":"","_kad_post_sidebar_id":"","_kad_post_content_style":"","_kad_post_vertical_padding":"","_kad_post_feature":"","_kad_post_feature_position":"","_kad_post_header":false,"_kad_post_footer":false,"footnotes":""},"categories":[9,15],"tags":[],"class_list":["post-2099","post","type-post","status-publish","format-standard","hentry","category-infos","category-evenement"],"aioseo_notices":[],"_links":{"self":[{"href":"https:\/\/acontrevents63.fr\/index.php?rest_route=\/wp\/v2\/posts\/2099","targetHints":{"allow":["GET"]}}],"collection":[{"href":"https:\/\/acontrevents63.fr\/index.php?rest_route=\/wp\/v2\/posts"}],"about":[{"href":"https:\/\/acontrevents63.fr\/index.php?rest_route=\/wp\/v2\/types\/post"}],"author":[{"embeddable":true,"href":"https:\/\/acontrevents63.fr\/index.php?rest_route=\/wp\/v2\/users\/1"}],"replies":[{"embeddable":true,"href":"https:\/\/acontrevents63.fr\/index.php?rest_route=%2Fwp%2Fv2%2Fcomments&post=2099"}],"version-history":[{"count":5,"href":"https:\/\/acontrevents63.fr\/index.php?rest_route=\/wp\/v2\/posts\/2099\/revisions"}],"predecessor-version":[{"id":2257,"href":"https:\/\/acontrevents63.fr\/index.php?rest_route=\/wp\/v2\/posts\/2099\/revisions\/2257"}],"wp:attachment":[{"href":"https:\/\/acontrevents63.fr\/index.php?rest_route=%2Fwp%2Fv2%2Fmedia&parent=2099"}],"wp:term":[{"taxonomy":"category","embeddable":true,"href":"https:\/\/acontrevents63.fr\/index.php?rest_route=%2Fwp%2Fv2%2Fcategories&post=2099"},{"taxonomy":"post_tag","embeddable":true,"href":"https:\/\/acontrevents63.fr\/index.php?rest_route=%2Fwp%2Fv2%2Ftags&post=2099"}],"curies":[{"name":"wp","href":"https:\/\/api.w.org\/{rel}","templated":true}]}}