{"id":1909,"date":"2022-08-30T17:15:45","date_gmt":"2022-08-30T15:15:45","guid":{"rendered":"https:\/\/acontrevents63.fr\/?p=1909"},"modified":"2023-05-19T17:47:27","modified_gmt":"2023-05-19T15:47:27","slug":"reunion-publique-le-samedi-10-septembre-2022-de-17h-a-19h-a-saint-hilaire-la-croix","status":"publish","type":"post","link":"https:\/\/acontrevents63.fr\/?p=1909","title":{"rendered":"R\u00e9union Publique le Samedi 10 Septembre 2022"},"content":{"rendered":"\n<div class=\"wp-block-columns is-layout-flex wp-container-core-columns-is-layout-9d6595d7 wp-block-columns-is-layout-flex\">\n<div class=\"wp-block-column is-layout-flow wp-block-column-is-layout-flow\">\n<figure class=\"wp-block-image size-full\"><img fetchpriority=\"high\" decoding=\"async\" width=\"606\" height=\"872\" src=\"https:\/\/acontrevents63.fr\/wp-content\/uploads\/2022\/08\/Tract_reunion-publique_Recto_10092022-1.jpg\" alt=\"\" class=\"wp-image-1911\" srcset=\"https:\/\/acontrevents63.fr\/wp-content\/uploads\/2022\/08\/Tract_reunion-publique_Recto_10092022-1.jpg 606w, https:\/\/acontrevents63.fr\/wp-content\/uploads\/2022\/08\/Tract_reunion-publique_Recto_10092022-1-208x300.jpg 208w\" sizes=\"(max-width: 606px) 100vw, 606px\" \/><\/figure>\n<\/div>\n\n\n\n<div class=\"wp-block-column is-layout-flow wp-block-column-is-layout-flow\">\n<figure class=\"wp-block-image size-full\"><img decoding=\"async\" width=\"620\" height=\"861\" src=\"https:\/\/acontrevents63.fr\/wp-content\/uploads\/2022\/08\/Tract_reunion-publique_Verso_10092022.jpg\" alt=\"\" class=\"wp-image-1912\" srcset=\"https:\/\/acontrevents63.fr\/wp-content\/uploads\/2022\/08\/Tract_reunion-publique_Verso_10092022.jpg 620w, https:\/\/acontrevents63.fr\/wp-content\/uploads\/2022\/08\/Tract_reunion-publique_Verso_10092022-216x300.jpg 216w\" sizes=\"(max-width: 620px) 100vw, 620px\" \/><\/figure>\n<\/div>\n<\/div>\n\n\n\n<p>Cette premi\u00e8re r\u00e9union publique aura pour objectif de faire un rappel sur ce que l&#8217;on sait du projet en cours. Nous aurons ensuite diff\u00e9rents intervenants, qui, en fonction de leurs connaissances professionnelles, de leur confrontation \u00e0 des parcs \u00e9oliens en place, viendront partager leur exp\u00e9rience et la r\u00e9alit\u00e9 de ce qui nous attends si le projet se r\u00e9alise.<\/p>\n\n\n\n<p>Venez nombreux !<\/p>\n","protected":false},"excerpt":{"rendered":"<p>Cette premi\u00e8re r\u00e9union publique aura pour objectif de faire un rappel sur ce que l&#8217;on sait du projet en cours. Nous aurons ensuite diff\u00e9rents intervenants, qui, en fonction de leurs connaissances professionnelles, de leur confrontation \u00e0 des parcs \u00e9oliens en place, viendront partager leur exp\u00e9rience et la r\u00e9alit\u00e9 de ce qui nous attends si le&#8230;<\/p>\n","protected":false},"author":1,"featured_media":1911,"comment_status":"closed","ping_status":"closed","sticky":false,"template":"","format":"standard","meta":{"om_disable_all_campaigns":false,"_monsterinsights_skip_tracking":false,"_monsterinsights_sitenote_active":false,"_monsterinsights_sitenote_note":"","_monsterinsights_sitenote_category":0,"ngg_post_thumbnail":0,"_kad_post_transparent":"","_kad_post_title":"","_kad_post_layout":"","_kad_post_sidebar_id":"","_kad_post_content_style":"","_kad_post_vertical_padding":"","_kad_post_feature":"","_kad_post_feature_position":"","_kad_post_header":false,"_kad_post_footer":false,"footnotes":""},"categories":[9,15],"tags":[],"class_list":["post-1909","post","type-post","status-publish","format-standard","has-post-thumbnail","hentry","category-infos","category-evenement"],"aioseo_notices":[],"_links":{"self":[{"href":"https:\/\/acontrevents63.fr\/index.php?rest_route=\/wp\/v2\/posts\/1909","targetHints":{"allow":["GET"]}}],"collection":[{"href":"https:\/\/acontrevents63.fr\/index.php?rest_route=\/wp\/v2\/posts"}],"about":[{"href":"https:\/\/acontrevents63.fr\/index.php?rest_route=\/wp\/v2\/types\/post"}],"author":[{"embeddable":true,"href":"https:\/\/acontrevents63.fr\/index.php?rest_route=\/wp\/v2\/users\/1"}],"replies":[{"embeddable":true,"href":"https:\/\/acontrevents63.fr\/index.php?rest_route=%2Fwp%2Fv2%2Fcomments&post=1909"}],"version-history":[{"count":4,"href":"https:\/\/acontrevents63.fr\/index.php?rest_route=\/wp\/v2\/posts\/1909\/revisions"}],"predecessor-version":[{"id":2258,"href":"https:\/\/acontrevents63.fr\/index.php?rest_route=\/wp\/v2\/posts\/1909\/revisions\/2258"}],"wp:featuredmedia":[{"embeddable":true,"href":"https:\/\/acontrevents63.fr\/index.php?rest_route=\/wp\/v2\/media\/1911"}],"wp:attachment":[{"href":"https:\/\/acontrevents63.fr\/index.php?rest_route=%2Fwp%2Fv2%2Fmedia&parent=1909"}],"wp:term":[{"taxonomy":"category","embeddable":true,"href":"https:\/\/acontrevents63.fr\/index.php?rest_route=%2Fwp%2Fv2%2Fcategories&post=1909"},{"taxonomy":"post_tag","embeddable":true,"href":"https:\/\/acontrevents63.fr\/index.php?rest_route=%2Fwp%2Fv2%2Ftags&post=1909"}],"curies":[{"name":"wp","href":"https:\/\/api.w.org\/{rel}","templated":true}]}}