{"id":1817,"date":"2022-03-31T15:30:27","date_gmt":"2022-03-31T13:30:27","guid":{"rendered":"https:\/\/acontrevents63.fr\/?p=1817"},"modified":"2022-03-31T17:43:25","modified_gmt":"2022-03-31T15:43:25","slug":"la-region-soutient-les-communes-qui-sopposent-a-leolien","status":"publish","type":"post","link":"https:\/\/acontrevents63.fr\/?p=1817","title":{"rendered":"La R\u00e9gion soutient les communes qui s&#8217;opposent \u00e0 l&#8217;\u00e9olien"},"content":{"rendered":"\n<h2 class=\"wp-block-heading\">Article de La Montagne publi\u00e9 le 28 Mars 2022 dans l&#8217;\u00e9dition de l&#8217;Allier<\/h2>\n\n\n\n<figure class=\"wp-block-image size-large\"><img fetchpriority=\"high\" decoding=\"async\" width=\"1024\" height=\"375\" src=\"https:\/\/acontrevents63.fr\/wp-content\/uploads\/2022\/03\/article-la-montagne-28032022-1024x375.jpg\" alt=\"\" class=\"wp-image-1823\" srcset=\"https:\/\/acontrevents63.fr\/wp-content\/uploads\/2022\/03\/article-la-montagne-28032022-1024x375.jpg 1024w, https:\/\/acontrevents63.fr\/wp-content\/uploads\/2022\/03\/article-la-montagne-28032022-300x110.jpg 300w, https:\/\/acontrevents63.fr\/wp-content\/uploads\/2022\/03\/article-la-montagne-28032022-768x281.jpg 768w, https:\/\/acontrevents63.fr\/wp-content\/uploads\/2022\/03\/article-la-montagne-28032022-1536x562.jpg 1536w, https:\/\/acontrevents63.fr\/wp-content\/uploads\/2022\/03\/article-la-montagne-28032022.jpg 2021w\" sizes=\"(max-width: 1024px) 100vw, 1024px\" \/><\/figure>\n\n\n\n<p>L\u00e0 ou le maire de la commune de Saint Hilaire dans l&#8217;Allier d\u00e9pose un recours administratif contre un projet \u00e9olien, dans notre commune Saint Hilaire la Croix dans le Puy de D\u00f4me, c&#8217;est le maire, qui signe les autorisations pour faire le projet.<\/p>\n\n\n\n<p>Nous faisons toutefois parti de la m\u00eame R\u00e9gion. Nous esp\u00e9rons que la R\u00e9gion soutient aussi ses citoyens quand ils ne sont pas soutenus par les maires qu&#8217;ils ont \u00e9lus.    <\/p>\n","protected":false},"excerpt":{"rendered":"<p>Article de La Montagne publi\u00e9 le 28 Mars 2022 dans l&#8217;\u00e9dition de l&#8217;Allier L\u00e0 ou le maire de la commune de Saint Hilaire dans l&#8217;Allier d\u00e9pose un recours administratif contre un projet \u00e9olien, dans notre commune Saint Hilaire la Croix dans le Puy de D\u00f4me, c&#8217;est le maire, qui signe les autorisations pour faire le&#8230;<\/p>\n","protected":false},"author":1,"featured_media":0,"comment_status":"closed","ping_status":"closed","sticky":false,"template":"","format":"standard","meta":{"om_disable_all_campaigns":false,"_monsterinsights_skip_tracking":false,"_monsterinsights_sitenote_active":false,"_monsterinsights_sitenote_note":"","_monsterinsights_sitenote_category":0,"ngg_post_thumbnail":0,"_kad_post_transparent":"","_kad_post_title":"","_kad_post_layout":"normal","_kad_post_sidebar_id":"","_kad_post_content_style":"","_kad_post_vertical_padding":"","_kad_post_feature":"","_kad_post_feature_position":"","_kad_post_header":false,"_kad_post_footer":false,"footnotes":""},"categories":[11],"tags":[],"class_list":["post-1817","post","type-post","status-publish","format-standard","hentry","category-revue-de-presse"],"aioseo_notices":[],"_links":{"self":[{"href":"https:\/\/acontrevents63.fr\/index.php?rest_route=\/wp\/v2\/posts\/1817","targetHints":{"allow":["GET"]}}],"collection":[{"href":"https:\/\/acontrevents63.fr\/index.php?rest_route=\/wp\/v2\/posts"}],"about":[{"href":"https:\/\/acontrevents63.fr\/index.php?rest_route=\/wp\/v2\/types\/post"}],"author":[{"embeddable":true,"href":"https:\/\/acontrevents63.fr\/index.php?rest_route=\/wp\/v2\/users\/1"}],"replies":[{"embeddable":true,"href":"https:\/\/acontrevents63.fr\/index.php?rest_route=%2Fwp%2Fv2%2Fcomments&post=1817"}],"version-history":[{"count":3,"href":"https:\/\/acontrevents63.fr\/index.php?rest_route=\/wp\/v2\/posts\/1817\/revisions"}],"predecessor-version":[{"id":1824,"href":"https:\/\/acontrevents63.fr\/index.php?rest_route=\/wp\/v2\/posts\/1817\/revisions\/1824"}],"wp:attachment":[{"href":"https:\/\/acontrevents63.fr\/index.php?rest_route=%2Fwp%2Fv2%2Fmedia&parent=1817"}],"wp:term":[{"taxonomy":"category","embeddable":true,"href":"https:\/\/acontrevents63.fr\/index.php?rest_route=%2Fwp%2Fv2%2Fcategories&post=1817"},{"taxonomy":"post_tag","embeddable":true,"href":"https:\/\/acontrevents63.fr\/index.php?rest_route=%2Fwp%2Fv2%2Ftags&post=1817"}],"curies":[{"name":"wp","href":"https:\/\/api.w.org\/{rel}","templated":true}]}}