{"id":1765,"date":"2022-03-12T08:50:26","date_gmt":"2022-03-12T07:50:26","guid":{"rendered":"https:\/\/acontrevents63.fr\/?p=1765"},"modified":"2022-03-12T09:01:04","modified_gmt":"2022-03-12T08:01:04","slug":"depreciation-des-biens-immobilier-temoignage-de-daniel-quarato","status":"publish","type":"post","link":"https:\/\/acontrevents63.fr\/?p=1765","title":{"rendered":"D\u00e9pr\u00e9ciation des biens immobiliers: T\u00e9moignage de Daniel Quarato"},"content":{"rendered":"\n<p>Daniel Quarato, n\u00e9gociateur immobilier depuis plus de dix ans dans le Puy-de-D\u00f4me, a une r\u00e9sidence secondaire au lieudit Les Bajaris, \u00e0 Saint-Hilaire-la-Croix. Il \u00e9tait pr\u00e9sent au pied du m\u00e2t de mesure du vent au Bournet, samedi 5 mars&nbsp;:<\/p>\n\n\n\n<p>\u00ab&nbsp;J\u2019ai \u00e9t\u00e9 averti il y a dix jours de l\u2019implantation du m\u00e2t. Je suis venu m\u2019informer samedi. Mes parents ont construit cette maison il y a quarante ans&#8230; sans imaginer qu\u2019il y ait un jour des \u00e9oliennes. Et Je n\u2019ai pas particuli\u00e8rement envie, quand je viens, d\u2019en voir une de mon balcon.&nbsp;\u00bb<\/p>\n\n\n\n<p>Daniel Quarato est intervenu, samedi 5 mars, pour apporter des pr\u00e9cisions sur les cons\u00e9quences de la pr\u00e9sence d\u2019\u00e9oliennes sur la valeur des biens immobiliers&nbsp;:<\/p>\n\n\n\n<p>\u00ab&nbsp;Dans le milieu professionnel de l\u2019immobilier, il est estim\u00e9 une perte entre 10 et 40 % de la valeur d\u2019un bien lors de la revente&nbsp;; 40 % quand le bien se situe dans le premier p\u00e9rim\u00e8tre de 500 m de l\u2019\u00e9olienne. Je ne suis pas contre l\u2019\u00e9olien, mais pas \u00e0 500 m des habitations.&nbsp;\u00bb<\/p>\n\n\n\n<p>Quant aux nuisances sonores, Daniel Quarato a expliqu\u00e9 qu\u2019il avait rendu visite \u00e0 un membre de sa famille habitant pr\u00e8s d\u2019une \u00e9olienne, \u00ab&nbsp;et \u00e0 2 km, on l\u2019entend l\u2019\u00e9olienne&nbsp;! Si une \u00e9olienne se situe de l\u2019autre c\u00f4t\u00e9 d\u2019une for\u00eat, le son est un peu coup\u00e9, mais l\u00e0\u2026&nbsp;\u00bb<\/p>\n\n\n\n<p>Et d\u2019ajouter&nbsp;: \u00ab&nbsp;Monter une \u00e9olienne \u00e0 c\u00f4t\u00e9 d\u2019une habitation, je sais ce que \u00e7a co\u00fbte\u2026 Comment vont \u00eatre indemnis\u00e9s les gens qui vont perdre de l\u2019argent sur leurs biens immobiliers&nbsp;?&nbsp;\u00bb<\/p>\n","protected":false},"excerpt":{"rendered":"<p>Daniel Quarato, n\u00e9gociateur immobilier depuis plus de dix ans dans le Puy-de-D\u00f4me, a une r\u00e9sidence secondaire au lieudit Les Bajaris, \u00e0 Saint-Hilaire-la-Croix. Il \u00e9tait pr\u00e9sent au pied du m\u00e2t de mesure du vent au Bournet, samedi 5 mars&nbsp;: \u00ab&nbsp;J\u2019ai \u00e9t\u00e9 averti il y a dix jours de l\u2019implantation du m\u00e2t. Je suis venu m\u2019informer samedi&#8230;.<\/p>\n","protected":false},"author":1,"featured_media":0,"comment_status":"closed","ping_status":"closed","sticky":false,"template":"","format":"standard","meta":{"om_disable_all_campaigns":false,"_monsterinsights_skip_tracking":false,"_monsterinsights_sitenote_active":false,"_monsterinsights_sitenote_note":"","_monsterinsights_sitenote_category":0,"ngg_post_thumbnail":0,"_kad_post_transparent":"","_kad_post_title":"","_kad_post_layout":"normal","_kad_post_sidebar_id":"","_kad_post_content_style":"","_kad_post_vertical_padding":"","_kad_post_feature":"","_kad_post_feature_position":"","_kad_post_header":false,"_kad_post_footer":false,"footnotes":""},"categories":[11],"tags":[],"class_list":["post-1765","post","type-post","status-publish","format-standard","hentry","category-revue-de-presse"],"aioseo_notices":[],"_links":{"self":[{"href":"https:\/\/acontrevents63.fr\/index.php?rest_route=\/wp\/v2\/posts\/1765","targetHints":{"allow":["GET"]}}],"collection":[{"href":"https:\/\/acontrevents63.fr\/index.php?rest_route=\/wp\/v2\/posts"}],"about":[{"href":"https:\/\/acontrevents63.fr\/index.php?rest_route=\/wp\/v2\/types\/post"}],"author":[{"embeddable":true,"href":"https:\/\/acontrevents63.fr\/index.php?rest_route=\/wp\/v2\/users\/1"}],"replies":[{"embeddable":true,"href":"https:\/\/acontrevents63.fr\/index.php?rest_route=%2Fwp%2Fv2%2Fcomments&post=1765"}],"version-history":[{"count":2,"href":"https:\/\/acontrevents63.fr\/index.php?rest_route=\/wp\/v2\/posts\/1765\/revisions"}],"predecessor-version":[{"id":1767,"href":"https:\/\/acontrevents63.fr\/index.php?rest_route=\/wp\/v2\/posts\/1765\/revisions\/1767"}],"wp:attachment":[{"href":"https:\/\/acontrevents63.fr\/index.php?rest_route=%2Fwp%2Fv2%2Fmedia&parent=1765"}],"wp:term":[{"taxonomy":"category","embeddable":true,"href":"https:\/\/acontrevents63.fr\/index.php?rest_route=%2Fwp%2Fv2%2Fcategories&post=1765"},{"taxonomy":"post_tag","embeddable":true,"href":"https:\/\/acontrevents63.fr\/index.php?rest_route=%2Fwp%2Fv2%2Ftags&post=1765"}],"curies":[{"name":"wp","href":"https:\/\/api.w.org\/{rel}","templated":true}]}}