{"id":1687,"date":"2022-03-07T21:50:47","date_gmt":"2022-03-07T20:50:47","guid":{"rendered":"https:\/\/acontrevents63.fr\/?p=1687"},"modified":"2022-03-10T22:52:57","modified_gmt":"2022-03-10T21:52:57","slug":"inauguration-du-mat-le-5-mars-2022","status":"publish","type":"post","link":"https:\/\/acontrevents63.fr\/?p=1687","title":{"rendered":"Inauguration du mat  le 5 mars 2022"},"content":{"rendered":"\n<h2 class=\"wp-block-heading\">R\u00e9union d&#8217;information publique organis\u00e9e par Montcel Durable<\/h2>\n\n\n\n<h3 class=\"wp-block-heading\">Les pr\u00e9sents<\/h3>\n\n\n\n<p>L&#8217;association Montcel Durable ainsi que d&#8217;autres personnes favorables au projet ont \u00e9t\u00e9 recens\u00e9s \u00e0 hauteur de 30 personnes environs.<\/p>\n\n\n\n<p>Notre association pr\u00e9sentait 66 personnes sur site.<\/p>\n\n\n\n<p>D&#8217;autres personnes, en nombre moindre, n\u2019\u00e9taient pas clairement identifi\u00e9es comme \u00e9tant favorable ou non au projet.<\/p>\n\n\n\n<p>Consultez l&#8217;article de La Montagne <a href=\"https:\/\/acontrevents63.fr\/?p=1750\" target=\"_blank\" data-type=\"post\" data-id=\"1750\" rel=\"noreferrer noopener\">Inauguration du mat  le 5 mars 2022<\/a><\/p>\n\n\n\n<h3 class=\"wp-block-heading\">Montcel Durable: Un promoteur-en-devenir<\/h3>\n\n\n\n<p>Apr\u00e8s une pr\u00e9sentation, o\u00f9 il nous a \u00e9t\u00e9 redit ce qui avait d\u00e9j\u00e0 \u00e9t\u00e9 pr\u00e9sent\u00e9 le 29 mars lors d&#8217;une pr\u00e9c\u00e9dente permanence \u00e0 la mairie de Saint Hilaire la Croix, nous avons pu nous exprimer et poser nos questions.<\/p>\n\n\n\n<p>Cela nous a permis de confirmer que nous ne sommes plus en face d&#8217;une association locale \u00e0 laquelle nos communes ont du adh\u00e9rer, mais bien \u00e0 un promoteur en devenir.<\/p>\n\n\n\n<p>Promoteur qui pr\u00e9tend vouloir nous prot\u00e9ger des promoteurs industriels! Industriel soit dit en passant, la d\u00e9finition n&#8217;est pas claire. Nous faisons donc face \u00e0 un promoteur, qui sera comme les autres, puisqu&#8217;il aura les m\u00eames contraintes et les m\u00eames scrupules (aucun donc) pour arriver \u00e0 ses fins. Pour illustrer ce propos, le promoteur-\u00e9lu explique qu&#8217;un promoteur industriel cherche avant tout \u00e0 faire signer des baux pour mettre la main sur le foncier. Or, c&#8217;est exactement ce qu&#8217;a fait le promoteur-\u00e9lu puisque sur les communes, des baux ont d\u00e9j\u00e0 \u00e9t\u00e9 pr\u00e9sent\u00e9s et sign\u00e9s il y a plusieurs mois, pr\u00e9sent\u00e9s comme des promesses de bail qui n&#8217;engagent \u00e0 rien. Engag\u00e9 sur 25 ans renouvelable, certains doivent regretter d&#8217;avoir sign\u00e9 sous l&#8217;influence de la bienveillance municipale. <\/p>\n\n\n\n<p>C&#8217;est l\u00e0 que le bas blesse, c&#8217;est l\u00e0 la surprise: le promoteur est venu de l&#8217;int\u00e9rieur, avec sa casquette d&#8217;\u00e9lu soucieux de ses administr\u00e9s.<\/p>\n\n\n\n<h3 class=\"wp-block-heading\">On nous dit ce que l&#8217;on veut entendre<\/h3>\n\n\n\n<p>Nous avions lors de la permanence d&#8217;information du 29 Janvier 2022 \u00e0 la Mairie de Saint Hilaire la Croix, \u00e9mis la volont\u00e9 que la population puisse b\u00e9n\u00e9ficier des r\u00e9ductions sur les factures d&#8217;\u00e9lectricit\u00e9. C&#8217;\u00e9tait un moyen de mettre dans la balance des compensations aux nuisances. Compensations qui n&#8217;existent jamais, dans toute l&#8217;histoire de l&#8217;\u00e9olienne en France. La rentabilit\u00e9 de ces projets r\u00e9side dans la revente (plus cher!) de cette \u00e9lectricit\u00e9 d&#8217;origine renouvelable, au d\u00e9triment de la population qui en subit les cons\u00e9quences. In fine, nous payerons cette \u00e9lectricit\u00e9 deux fois, en nature et en p\u00e9cuniaire.  Les r\u00e9ductions sur le prix de l&#8217;\u00e9lectricit\u00e9 est de toutes fa\u00e7ons impossible puisque la facturation d\u00e9pend du contrat avec le fournisseur d&#8217;\u00e9lectricit\u00e9. Il n&#8217;y a aucun lien avec le producteur. Cela n&#8217;a jamais \u00e9t\u00e9 fait, ni en France, ni ailleurs.<\/p>\n\n\n\n<p>Et pourtant, on nous a servi, le 5 mars, que ce point \u00e9tait \u00e0 l&#8217;\u00e9tude pour en faire b\u00e9n\u00e9ficier les habitants. A \u00e9couter les protagonistes, nous sommes en face d&#8217;experts sur le sujet.  Quelle mascarade!<\/p>\n\n\n\n<h3 class=\"wp-block-heading\">La transparence selon ce futur promoteur<\/h3>\n\n\n\n<p>Pour information, nous avions demand\u00e9 \u00e0 consulter l&#8217;\u00e9tude d&#8217;impact en cours de r\u00e9alisation, document qui est de la propri\u00e9t\u00e9 de Montcel Durable. La consultation nous avait \u00e9t\u00e9 accord\u00e9e, \u00e0 la condition de n&#8217;en pas divulguer le contenu. Cette condition a \u00e9t\u00e9 respect\u00e9e: ni photos, ni copies.<\/p>\n\n\n\n<p>Cette consultation s&#8217;est d\u00e9roul\u00e9e le Vendredi 4 Mars \u00e0 la mairie de Saint Hilaire la Croix \u00e0 17h30.<\/p>\n\n\n\n<p>110 pages, r\u00e9f\u00e9renc\u00e9es dans la table des mati\u00e8res, \u00e9taient manquantes en plein milieu du document. A la l\u00e9gitime interrogation de la localisation des dites pages, il y eut deux r\u00e9ponses:<\/p>\n\n\n\n<ul class=\"wp-block-list\"><li>Le 4 mars: les pages n&#8217;existent pas, pour preuve un document de travail pr\u00e9sent\u00e9 sur PC. Document de travail en PDF, soit non-modifiable (le &#8220;travail&#8221; sur PDF est excessivement difficile \u00e0 accomplir)<\/li><li>Le 5 mars, ces pages existent mais le promoteur ne souhaite pas les mettre \u00e0 disposition..<\/li><\/ul>\n\n\n\n<p>Le r\u00e9sultat est le m\u00eame, il n&#8217;y a en fait pas de consultation. La transparence n&#8217;est d\u00e9finitivement pas de mise, uniquement une transparence de fa\u00e7ade.<\/p>\n\n\n\n<h3 class=\"wp-block-heading\">Atmosph\u00e8re complexe<\/h3>\n\n\n\n<p>Nous sommes tous, partisans ou opposant de ce projet, des citoyens des villages concern\u00e9s. Nous avons maintes fois pris part ensemble \u00e0 des \u00e9v\u00e9nements publics dans les villages, pris des photos et m\u00eame invit\u00e9s \u00e0 prendre des photos de l&#8217;\u00e9v\u00e9nement. <\/p>\n\n\n\n<p>Le 5 mars en revanche, seuls les partisans au projet ont \u00e9chapp\u00e9 \u00e0 des remarques sur l&#8217;absence de demande d&#8217;autorisation de photographier l&#8217;\u00e9v\u00e9nement. Visiblement l&#8217;autorisation au droit \u00e0 l&#8217;image est intimement li\u00e9 \u00e0 votre attachement au projet ou pas.<\/p>\n\n\n\n<p>Nous d\u00e9plorons que nous ne sommes plus entre citoyens discutant de leur avenir, mais bien en face des associ\u00e9s d&#8217;un futur promoteur. Entre le promoteur-industriel et le promoteur-\u00e9lu (celui qui nous sauvera des griffes du premier) quelle est la diff\u00e9rence?<\/p>\n\n\n\n<p><\/p>\n","protected":false},"excerpt":{"rendered":"<p>R\u00e9union d&#8217;information publique organis\u00e9e par Montcel Durable Les pr\u00e9sents L&#8217;association Montcel Durable ainsi que d&#8217;autres personnes favorables au projet ont \u00e9t\u00e9 recens\u00e9s \u00e0 hauteur de 30 personnes environs. Notre association pr\u00e9sentait 66 personnes sur site. D&#8217;autres personnes, en nombre moindre, n\u2019\u00e9taient pas clairement identifi\u00e9es comme \u00e9tant favorable ou non au projet. Consultez l&#8217;article de La&#8230;<\/p>\n","protected":false},"author":1,"featured_media":1717,"comment_status":"closed","ping_status":"closed","sticky":false,"template":"","format":"standard","meta":{"om_disable_all_campaigns":false,"_monsterinsights_skip_tracking":false,"_monsterinsights_sitenote_active":false,"_monsterinsights_sitenote_note":"","_monsterinsights_sitenote_category":0,"ngg_post_thumbnail":0,"_kad_post_transparent":"","_kad_post_title":"show","_kad_post_layout":"normal","_kad_post_sidebar_id":"sidebar-primary","_kad_post_content_style":"boxed","_kad_post_vertical_padding":"show","_kad_post_feature":"show","_kad_post_feature_position":"behind","_kad_post_header":false,"_kad_post_footer":false,"footnotes":""},"categories":[9],"tags":[],"class_list":["post-1687","post","type-post","status-publish","format-standard","has-post-thumbnail","hentry","category-infos"],"aioseo_notices":[],"_links":{"self":[{"href":"https:\/\/acontrevents63.fr\/index.php?rest_route=\/wp\/v2\/posts\/1687","targetHints":{"allow":["GET"]}}],"collection":[{"href":"https:\/\/acontrevents63.fr\/index.php?rest_route=\/wp\/v2\/posts"}],"about":[{"href":"https:\/\/acontrevents63.fr\/index.php?rest_route=\/wp\/v2\/types\/post"}],"author":[{"embeddable":true,"href":"https:\/\/acontrevents63.fr\/index.php?rest_route=\/wp\/v2\/users\/1"}],"replies":[{"embeddable":true,"href":"https:\/\/acontrevents63.fr\/index.php?rest_route=%2Fwp%2Fv2%2Fcomments&post=1687"}],"version-history":[{"count":7,"href":"https:\/\/acontrevents63.fr\/index.php?rest_route=\/wp\/v2\/posts\/1687\/revisions"}],"predecessor-version":[{"id":1763,"href":"https:\/\/acontrevents63.fr\/index.php?rest_route=\/wp\/v2\/posts\/1687\/revisions\/1763"}],"wp:featuredmedia":[{"embeddable":true,"href":"https:\/\/acontrevents63.fr\/index.php?rest_route=\/wp\/v2\/media\/1717"}],"wp:attachment":[{"href":"https:\/\/acontrevents63.fr\/index.php?rest_route=%2Fwp%2Fv2%2Fmedia&parent=1687"}],"wp:term":[{"taxonomy":"category","embeddable":true,"href":"https:\/\/acontrevents63.fr\/index.php?rest_route=%2Fwp%2Fv2%2Fcategories&post=1687"},{"taxonomy":"post_tag","embeddable":true,"href":"https:\/\/acontrevents63.fr\/index.php?rest_route=%2Fwp%2Fv2%2Ftags&post=1687"}],"curies":[{"name":"wp","href":"https:\/\/api.w.org\/{rel}","templated":true}]}}